{"id":8343,"date":"2026-03-09T18:38:54","date_gmt":"2026-03-09T17:38:54","guid":{"rendered":"https:\/\/www.turismodesanxenxo.com\/?p=8343"},"modified":"2026-03-09T19:23:53","modified_gmt":"2026-03-09T18:23:53","slug":"sederos-azules","status":"publish","type":"post","link":"https:\/\/www.turismodesanxenxo.com\/en\/noticias\/sederos-azules\/","title":{"rendered":"Sederos Azules"},"content":{"rendered":"<p><strong>Sanxenxo presenta su gu\u00eda tur\u00edstica para descubrir sus senderos y recursos naturales<\/strong><\/p>\n\n\n\n<p>El Concello de Sanxenxo pone a disposici\u00f3n de vecinos y visitantes una completa <strong>Gu\u00eda Tur\u00edstica de Sanxenxo<\/strong>, dise\u00f1ada para descubrir las zonas m\u00e1s emblem\u00e1ticas del municipio y facilitar la exploraci\u00f3n de su patrimonio natural y paisaj\u00edstico.<\/p>\n\n\n\n<p>Bajo el lema <em>\u201cUn viaje por las zonas m\u00e1s emblem\u00e1ticas de nuestro municipio\u201d<\/em>, esta gu\u00eda re\u00fane informaci\u00f3n pr\u00e1ctica para conocer mejor el destino, incluyendo <strong>mapas tur\u00edsticos, senderos y recursos naturales<\/strong> que permiten planificar una visita de forma sencilla.<\/p>\n\n\n\n<p>Entre los contenidos m\u00e1s destacados se encuentran diferentes <strong>mapas tur\u00edsticos<\/strong>, pensados para orientar a los visitantes y localizar los principales puntos de inter\u00e9s:<\/p>\n\n\n\n<ul class=\"wp-block-list\">\n<li><strong>Mapa general<\/strong>, con una visi\u00f3n completa del municipio.<\/li>\n\n\n\n<li><strong>Mapa de senderos<\/strong>, donde se detallan las rutas para recorrer la costa.<\/li>\n\n\n\n<li><strong>Mapa de recursos<\/strong>, que recoge espacios naturales y lugares de inter\u00e9s tur\u00edstico.<\/li>\n<\/ul>\n\n\n\n<p>Sanxenxo destaca especialmente por su <strong>riqueza natural y su privilegiada ubicaci\u00f3n en la r\u00eda de Pontevedra<\/strong>, que permite disfrutar de paisajes \u00fanicos. En este entorno se pueden recorrer <strong>siete senderos catalogados como \u201cSenderos Azules\u201d<\/strong>, una distinci\u00f3n que reconoce itinerarios que fomentan la conservaci\u00f3n ambiental, la educaci\u00f3n y el uso responsable del territorio.<\/p>\n\n\n\n<p>Adem\u00e1s de los senderos, la gu\u00eda permite descubrir diversos <strong>recursos tur\u00edsticos propios de la geograf\u00eda gallega<\/strong>, ideales para quienes desean combinar naturaleza, mar y cultura durante su visita.<\/p>\n\n\n\n<p>El destino cuenta tambi\u00e9n con importantes <strong>distinciones de calidad tur\u00edstica<\/strong>, entre ellas las conocidas <strong>Banderas Azules<\/strong>, que reconocen playas y puertos deportivos por su calidad ambiental, seguridad y servicios. Tambi\u00e9n destaca la certificaci\u00f3n <strong>Q de Calidad Tur\u00edstica<\/strong>, que avala la excelencia de diferentes servicios del sector tur\u00edstico local.<\/p>\n\n\n\n<p>Otro de los programas impulsados en el municipio es la iniciativa <strong>\u201cPlaya sin humo\u201d<\/strong>, una campa\u00f1a de sensibilizaci\u00f3n que promueve playas m\u00e1s saludables y respetuosas con el medio ambiente.<\/p>\n\n\n\n<p>La nueva gu\u00eda se convierte as\u00ed en una herramienta \u00fatil para quienes desean <strong>explorar Sanxenxo con calma<\/strong>, descubrir sus senderos costeros y conocer los principales recursos naturales y tur\u00edsticos del municipio.<\/p>\n\n\n\n<p>Para m\u00e1s informaci\u00f3n, los visitantes pueden contactar con la <strong>Oficina de Turismo situada en el Puerto Deportivo Juan Carlos I<\/strong>.<\/p>\n\n\n\n<div class=\"wp-block-buttons is-content-justification-center is-layout-flex wp-container-core-buttons-is-layout-16018d1d wp-block-buttons-is-layout-flex\">\n<div class=\"wp-block-button\"><a class=\"wp-block-button__link wp-element-button\" href=\"https:\/\/guiaturismo.turismodesanxenxo.com\/\">GU\u00cdA TUR\u00cdSTICA DE SANXENXO<\/a><\/div>\n<\/div>","protected":false},"excerpt":{"rendered":"<p>Sanxenxo presenta su gu\u00eda tur\u00edstica para descubrir sus senderos y recursos naturales El Concello de Sanxenxo pone a disposici\u00f3n de vecinos y visitantes una completa Gu\u00eda Tur\u00edstica de Sanxenxo, dise\u00f1ada para descubrir las zonas m\u00e1s emblem\u00e1ticas del municipio y facilitar la exploraci\u00f3n de su patrimonio natural y paisaj\u00edstico. Bajo el lema \u201cUn viaje por las [&hellip;]<\/p>\n","protected":false},"author":6,"featured_media":8178,"comment_status":"closed","ping_status":"closed","sticky":false,"template":"","format":"standard","meta":{"ghostkit_customizer_options":"","ghostkit_custom_css":"","ghostkit_custom_js_head":"","ghostkit_custom_js_foot":"","ghostkit_typography":"","_citadela_custom_class":"","footnotes":""},"categories":[1],"tags":[],"citadela-post-location":[],"class_list":["post-8343","post","type-post","status-publish","format-standard","has-post-thumbnail","hentry","category-noticias"],"yoast_head":"<!-- This site is optimized with the Yoast SEO plugin v26.9 - https:\/\/yoast.com\/product\/yoast-seo-wordpress\/ -->\n<title>Sederos Azules - Turismo de Sanxenxo<\/title>\n<meta name=\"robots\" content=\"index, follow, max-snippet:-1, max-image-preview:large, max-video-preview:-1\" \/>\n<link rel=\"canonical\" href=\"https:\/\/www.turismodesanxenxo.com\/en\/noticias\/sederos-azules\/\" \/>\n<meta property=\"og:locale\" content=\"en_GB\" \/>\n<meta property=\"og:type\" content=\"article\" \/>\n<meta property=\"og:title\" content=\"Sederos Azules - Turismo de Sanxenxo\" \/>\n<meta property=\"og:description\" content=\"Sanxenxo presenta su gu\u00eda tur\u00edstica para descubrir sus senderos y recursos naturales El Concello de Sanxenxo pone a disposici\u00f3n de vecinos y visitantes una completa Gu\u00eda Tur\u00edstica de Sanxenxo, dise\u00f1ada para descubrir las zonas m\u00e1s emblem\u00e1ticas del municipio y facilitar la exploraci\u00f3n de su patrimonio natural y paisaj\u00edstico. Bajo el lema \u201cUn viaje por las [&hellip;]\" \/>\n<meta property=\"og:url\" content=\"https:\/\/www.turismodesanxenxo.com\/en\/noticias\/sederos-azules\/\" \/>\n<meta property=\"og:site_name\" content=\"Turismo de Sanxenxo\" \/>\n<meta property=\"article:publisher\" content=\"https:\/\/www.facebook.com\/sanxenxo.turismodesanxenxo\/\" \/>\n<meta property=\"article:published_time\" content=\"2026-03-09T17:38:54+00:00\" \/>\n<meta property=\"article:modified_time\" content=\"2026-03-09T18:23:53+00:00\" \/>\n<meta property=\"og:image\" content=\"https:\/\/www.turismodesanxenxo.com\/wp-content\/uploads\/2021\/12\/Sendero-Magico-A-Lanzada-03-vert.jpg\" \/>\n\t<meta property=\"og:image:width\" content=\"1115\" \/>\n\t<meta property=\"og:image:height\" content=\"1338\" \/>\n\t<meta property=\"og:image:type\" content=\"image\/jpeg\" \/>\n<meta name=\"author\" content=\"turismodesanxenxo\" \/>\n<meta name=\"twitter:card\" content=\"summary_large_image\" \/>\n<meta name=\"twitter:creator\" content=\"@turismosanxenxo\" \/>\n<meta name=\"twitter:site\" content=\"@turismosanxenxo\" \/>\n<meta name=\"twitter:label1\" content=\"Written by\" \/>\n\t<meta name=\"twitter:data1\" content=\"turismodesanxenxo\" \/>\n\t<meta name=\"twitter:label2\" content=\"Estimated reading time\" \/>\n\t<meta name=\"twitter:data2\" content=\"2 minutes\" \/>\n<script type=\"application\/ld+json\" class=\"yoast-schema-graph\">{\"@context\":\"https:\/\/schema.org\",\"@graph\":[{\"@type\":\"Article\",\"@id\":\"https:\/\/www.turismodesanxenxo.com\/noticias\/sederos-azules\/#article\",\"isPartOf\":{\"@id\":\"https:\/\/www.turismodesanxenxo.com\/noticias\/sederos-azules\/\"},\"author\":{\"name\":\"turismodesanxenxo\",\"@id\":\"https:\/\/www.turismodesanxenxo.com\/#\/schema\/person\/687a36915d7f869eed5a7eb92a52ded0\"},\"headline\":\"Sederos Azules\",\"datePublished\":\"2026-03-09T17:38:54+00:00\",\"dateModified\":\"2026-03-09T18:23:53+00:00\",\"mainEntityOfPage\":{\"@id\":\"https:\/\/www.turismodesanxenxo.com\/noticias\/sederos-azules\/\"},\"wordCount\":402,\"publisher\":{\"@id\":\"https:\/\/www.turismodesanxenxo.com\/#organization\"},\"image\":{\"@id\":\"https:\/\/www.turismodesanxenxo.com\/noticias\/sederos-azules\/#primaryimage\"},\"thumbnailUrl\":\"https:\/\/www.turismodesanxenxo.com\/wp-content\/uploads\/2021\/12\/Sendero-Magico-A-Lanzada-03-vert.jpg\",\"articleSection\":[\"Noticias\"],\"inLanguage\":\"en-GB\"},{\"@type\":\"WebPage\",\"@id\":\"https:\/\/www.turismodesanxenxo.com\/noticias\/sederos-azules\/\",\"url\":\"https:\/\/www.turismodesanxenxo.com\/noticias\/sederos-azules\/\",\"name\":\"Sederos Azules - Turismo de Sanxenxo\",\"isPartOf\":{\"@id\":\"https:\/\/www.turismodesanxenxo.com\/#website\"},\"primaryImageOfPage\":{\"@id\":\"https:\/\/www.turismodesanxenxo.com\/noticias\/sederos-azules\/#primaryimage\"},\"image\":{\"@id\":\"https:\/\/www.turismodesanxenxo.com\/noticias\/sederos-azules\/#primaryimage\"},\"thumbnailUrl\":\"https:\/\/www.turismodesanxenxo.com\/wp-content\/uploads\/2021\/12\/Sendero-Magico-A-Lanzada-03-vert.jpg\",\"datePublished\":\"2026-03-09T17:38:54+00:00\",\"dateModified\":\"2026-03-09T18:23:53+00:00\",\"breadcrumb\":{\"@id\":\"https:\/\/www.turismodesanxenxo.com\/noticias\/sederos-azules\/#breadcrumb\"},\"inLanguage\":\"en-GB\",\"potentialAction\":[{\"@type\":\"ReadAction\",\"target\":[\"https:\/\/www.turismodesanxenxo.com\/noticias\/sederos-azules\/\"]}]},{\"@type\":\"ImageObject\",\"inLanguage\":\"en-GB\",\"@id\":\"https:\/\/www.turismodesanxenxo.com\/noticias\/sederos-azules\/#primaryimage\",\"url\":\"https:\/\/www.turismodesanxenxo.com\/wp-content\/uploads\/2021\/12\/Sendero-Magico-A-Lanzada-03-vert.jpg\",\"contentUrl\":\"https:\/\/www.turismodesanxenxo.com\/wp-content\/uploads\/2021\/12\/Sendero-Magico-A-Lanzada-03-vert.jpg\",\"width\":1115,\"height\":1338},{\"@type\":\"BreadcrumbList\",\"@id\":\"https:\/\/www.turismodesanxenxo.com\/noticias\/sederos-azules\/#breadcrumb\",\"itemListElement\":[{\"@type\":\"ListItem\",\"position\":1,\"name\":\"Portada\",\"item\":\"https:\/\/www.turismodesanxenxo.com\/\"},{\"@type\":\"ListItem\",\"position\":2,\"name\":\"Sederos Azules\"}]},{\"@type\":\"WebSite\",\"@id\":\"https:\/\/www.turismodesanxenxo.com\/#website\",\"url\":\"https:\/\/www.turismodesanxenxo.com\/\",\"name\":\"Turismo de Sanxenxo\",\"description\":\"Qu\u00e9 visitar y hacer en el Concello de Sanxenxo\",\"publisher\":{\"@id\":\"https:\/\/www.turismodesanxenxo.com\/#organization\"},\"potentialAction\":[{\"@type\":\"SearchAction\",\"target\":{\"@type\":\"EntryPoint\",\"urlTemplate\":\"https:\/\/www.turismodesanxenxo.com\/?s={search_term_string}\"},\"query-input\":{\"@type\":\"PropertyValueSpecification\",\"valueRequired\":true,\"valueName\":\"search_term_string\"}}],\"inLanguage\":\"en-GB\"},{\"@type\":\"Organization\",\"@id\":\"https:\/\/www.turismodesanxenxo.com\/#organization\",\"name\":\"Turismo de Sanxenxo\",\"url\":\"https:\/\/www.turismodesanxenxo.com\/\",\"logo\":{\"@type\":\"ImageObject\",\"inLanguage\":\"en-GB\",\"@id\":\"https:\/\/www.turismodesanxenxo.com\/#\/schema\/logo\/image\/\",\"url\":\"https:\/\/www.turismodesanxenxo.com\/wp-content\/uploads\/2021\/12\/logo-web-turismo-sanxenxo-3c.png\",\"contentUrl\":\"https:\/\/www.turismodesanxenxo.com\/wp-content\/uploads\/2021\/12\/logo-web-turismo-sanxenxo-3c.png\",\"width\":255,\"height\":111,\"caption\":\"Turismo de Sanxenxo\"},\"image\":{\"@id\":\"https:\/\/www.turismodesanxenxo.com\/#\/schema\/logo\/image\/\"},\"sameAs\":[\"https:\/\/www.facebook.com\/sanxenxo.turismodesanxenxo\/\",\"https:\/\/x.com\/turismosanxenxo\",\"https:\/\/www.instagram.com\/turismosanxenxo\/\",\"https:\/\/www.youtube.com\/user\/TurismoSanxenxo\"]},{\"@type\":\"Person\",\"@id\":\"https:\/\/www.turismodesanxenxo.com\/#\/schema\/person\/687a36915d7f869eed5a7eb92a52ded0\",\"name\":\"turismodesanxenxo\",\"image\":{\"@type\":\"ImageObject\",\"inLanguage\":\"en-GB\",\"@id\":\"https:\/\/www.turismodesanxenxo.com\/#\/schema\/person\/image\/\",\"url\":\"https:\/\/secure.gravatar.com\/avatar\/a942977fa2c6361292abfc0e101592ee49f60ddfa24b9fb01f16e52e6efade0a?s=96&r=g\",\"contentUrl\":\"https:\/\/secure.gravatar.com\/avatar\/a942977fa2c6361292abfc0e101592ee49f60ddfa24b9fb01f16e52e6efade0a?s=96&r=g\",\"caption\":\"turismodesanxenxo\"},\"url\":\"https:\/\/www.turismodesanxenxo.com\/en\/author\/turismodesanxenxo\/\"}]}<\/script>\n<!-- \/ Yoast SEO plugin. -->","yoast_head_json":{"title":"Sederos Azules - Turismo de Sanxenxo","robots":{"index":"index","follow":"follow","max-snippet":"max-snippet:-1","max-image-preview":"max-image-preview:large","max-video-preview":"max-video-preview:-1"},"canonical":"https:\/\/www.turismodesanxenxo.com\/en\/noticias\/sederos-azules\/","og_locale":"en_GB","og_type":"article","og_title":"Sederos Azules - Turismo de Sanxenxo","og_description":"Sanxenxo presenta su gu\u00eda tur\u00edstica para descubrir sus senderos y recursos naturales El Concello de Sanxenxo pone a disposici\u00f3n de vecinos y visitantes una completa Gu\u00eda Tur\u00edstica de Sanxenxo, dise\u00f1ada para descubrir las zonas m\u00e1s emblem\u00e1ticas del municipio y facilitar la exploraci\u00f3n de su patrimonio natural y paisaj\u00edstico. Bajo el lema \u201cUn viaje por las [&hellip;]","og_url":"https:\/\/www.turismodesanxenxo.com\/en\/noticias\/sederos-azules\/","og_site_name":"Turismo de Sanxenxo","article_publisher":"https:\/\/www.facebook.com\/sanxenxo.turismodesanxenxo\/","article_published_time":"2026-03-09T17:38:54+00:00","article_modified_time":"2026-03-09T18:23:53+00:00","og_image":[{"width":1115,"height":1338,"url":"https:\/\/www.turismodesanxenxo.com\/wp-content\/uploads\/2021\/12\/Sendero-Magico-A-Lanzada-03-vert.jpg","type":"image\/jpeg"}],"author":"turismodesanxenxo","twitter_card":"summary_large_image","twitter_creator":"@turismosanxenxo","twitter_site":"@turismosanxenxo","twitter_misc":{"Written by":"turismodesanxenxo","Estimated reading time":"2 minutes"},"schema":{"@context":"https:\/\/schema.org","@graph":[{"@type":"Article","@id":"https:\/\/www.turismodesanxenxo.com\/noticias\/sederos-azules\/#article","isPartOf":{"@id":"https:\/\/www.turismodesanxenxo.com\/noticias\/sederos-azules\/"},"author":{"name":"turismodesanxenxo","@id":"https:\/\/www.turismodesanxenxo.com\/#\/schema\/person\/687a36915d7f869eed5a7eb92a52ded0"},"headline":"Sederos Azules","datePublished":"2026-03-09T17:38:54+00:00","dateModified":"2026-03-09T18:23:53+00:00","mainEntityOfPage":{"@id":"https:\/\/www.turismodesanxenxo.com\/noticias\/sederos-azules\/"},"wordCount":402,"publisher":{"@id":"https:\/\/www.turismodesanxenxo.com\/#organization"},"image":{"@id":"https:\/\/www.turismodesanxenxo.com\/noticias\/sederos-azules\/#primaryimage"},"thumbnailUrl":"https:\/\/www.turismodesanxenxo.com\/wp-content\/uploads\/2021\/12\/Sendero-Magico-A-Lanzada-03-vert.jpg","articleSection":["Noticias"],"inLanguage":"en-GB"},{"@type":"WebPage","@id":"https:\/\/www.turismodesanxenxo.com\/noticias\/sederos-azules\/","url":"https:\/\/www.turismodesanxenxo.com\/noticias\/sederos-azules\/","name":"Sederos Azules - Turismo de Sanxenxo","isPartOf":{"@id":"https:\/\/www.turismodesanxenxo.com\/#website"},"primaryImageOfPage":{"@id":"https:\/\/www.turismodesanxenxo.com\/noticias\/sederos-azules\/#primaryimage"},"image":{"@id":"https:\/\/www.turismodesanxenxo.com\/noticias\/sederos-azules\/#primaryimage"},"thumbnailUrl":"https:\/\/www.turismodesanxenxo.com\/wp-content\/uploads\/2021\/12\/Sendero-Magico-A-Lanzada-03-vert.jpg","datePublished":"2026-03-09T17:38:54+00:00","dateModified":"2026-03-09T18:23:53+00:00","breadcrumb":{"@id":"https:\/\/www.turismodesanxenxo.com\/noticias\/sederos-azules\/#breadcrumb"},"inLanguage":"en-GB","potentialAction":[{"@type":"ReadAction","target":["https:\/\/www.turismodesanxenxo.com\/noticias\/sederos-azules\/"]}]},{"@type":"ImageObject","inLanguage":"en-GB","@id":"https:\/\/www.turismodesanxenxo.com\/noticias\/sederos-azules\/#primaryimage","url":"https:\/\/www.turismodesanxenxo.com\/wp-content\/uploads\/2021\/12\/Sendero-Magico-A-Lanzada-03-vert.jpg","contentUrl":"https:\/\/www.turismodesanxenxo.com\/wp-content\/uploads\/2021\/12\/Sendero-Magico-A-Lanzada-03-vert.jpg","width":1115,"height":1338},{"@type":"BreadcrumbList","@id":"https:\/\/www.turismodesanxenxo.com\/noticias\/sederos-azules\/#breadcrumb","itemListElement":[{"@type":"ListItem","position":1,"name":"Portada","item":"https:\/\/www.turismodesanxenxo.com\/"},{"@type":"ListItem","position":2,"name":"Sederos Azules"}]},{"@type":"WebSite","@id":"https:\/\/www.turismodesanxenxo.com\/#website","url":"https:\/\/www.turismodesanxenxo.com\/","name":"Turismo de Sanxenxo","description":"Qu\u00e9 visitar y hacer en el Concello de Sanxenxo","publisher":{"@id":"https:\/\/www.turismodesanxenxo.com\/#organization"},"potentialAction":[{"@type":"SearchAction","target":{"@type":"EntryPoint","urlTemplate":"https:\/\/www.turismodesanxenxo.com\/?s={search_term_string}"},"query-input":{"@type":"PropertyValueSpecification","valueRequired":true,"valueName":"search_term_string"}}],"inLanguage":"en-GB"},{"@type":"Organization","@id":"https:\/\/www.turismodesanxenxo.com\/#organization","name":"Turismo de Sanxenxo","url":"https:\/\/www.turismodesanxenxo.com\/","logo":{"@type":"ImageObject","inLanguage":"en-GB","@id":"https:\/\/www.turismodesanxenxo.com\/#\/schema\/logo\/image\/","url":"https:\/\/www.turismodesanxenxo.com\/wp-content\/uploads\/2021\/12\/logo-web-turismo-sanxenxo-3c.png","contentUrl":"https:\/\/www.turismodesanxenxo.com\/wp-content\/uploads\/2021\/12\/logo-web-turismo-sanxenxo-3c.png","width":255,"height":111,"caption":"Turismo de Sanxenxo"},"image":{"@id":"https:\/\/www.turismodesanxenxo.com\/#\/schema\/logo\/image\/"},"sameAs":["https:\/\/www.facebook.com\/sanxenxo.turismodesanxenxo\/","https:\/\/x.com\/turismosanxenxo","https:\/\/www.instagram.com\/turismosanxenxo\/","https:\/\/www.youtube.com\/user\/TurismoSanxenxo"]},{"@type":"Person","@id":"https:\/\/www.turismodesanxenxo.com\/#\/schema\/person\/687a36915d7f869eed5a7eb92a52ded0","name":"turismodesanxenxo","image":{"@type":"ImageObject","inLanguage":"en-GB","@id":"https:\/\/www.turismodesanxenxo.com\/#\/schema\/person\/image\/","url":"https:\/\/secure.gravatar.com\/avatar\/a942977fa2c6361292abfc0e101592ee49f60ddfa24b9fb01f16e52e6efade0a?s=96&r=g","contentUrl":"https:\/\/secure.gravatar.com\/avatar\/a942977fa2c6361292abfc0e101592ee49f60ddfa24b9fb01f16e52e6efade0a?s=96&r=g","caption":"turismodesanxenxo"},"url":"https:\/\/www.turismodesanxenxo.com\/en\/author\/turismodesanxenxo\/"}]}},"_links":{"self":[{"href":"https:\/\/www.turismodesanxenxo.com\/en\/wp-json\/wp\/v2\/posts\/8343","targetHints":{"allow":["GET"]}}],"collection":[{"href":"https:\/\/www.turismodesanxenxo.com\/en\/wp-json\/wp\/v2\/posts"}],"about":[{"href":"https:\/\/www.turismodesanxenxo.com\/en\/wp-json\/wp\/v2\/types\/post"}],"author":[{"embeddable":true,"href":"https:\/\/www.turismodesanxenxo.com\/en\/wp-json\/wp\/v2\/users\/6"}],"replies":[{"embeddable":true,"href":"https:\/\/www.turismodesanxenxo.com\/en\/wp-json\/wp\/v2\/comments?post=8343"}],"version-history":[{"count":2,"href":"https:\/\/www.turismodesanxenxo.com\/en\/wp-json\/wp\/v2\/posts\/8343\/revisions"}],"predecessor-version":[{"id":8370,"href":"https:\/\/www.turismodesanxenxo.com\/en\/wp-json\/wp\/v2\/posts\/8343\/revisions\/8370"}],"wp:featuredmedia":[{"embeddable":true,"href":"https:\/\/www.turismodesanxenxo.com\/en\/wp-json\/wp\/v2\/media\/8178"}],"wp:attachment":[{"href":"https:\/\/www.turismodesanxenxo.com\/en\/wp-json\/wp\/v2\/media?parent=8343"}],"wp:term":[{"taxonomy":"category","embeddable":true,"href":"https:\/\/www.turismodesanxenxo.com\/en\/wp-json\/wp\/v2\/categories?post=8343"},{"taxonomy":"post_tag","embeddable":true,"href":"https:\/\/www.turismodesanxenxo.com\/en\/wp-json\/wp\/v2\/tags?post=8343"},{"taxonomy":"citadela-post-location","embeddable":true,"href":"https:\/\/www.turismodesanxenxo.com\/en\/wp-json\/wp\/v2\/citadela-post-location?post=8343"}],"curies":[{"name":"wp","href":"https:\/\/api.w.org\/{rel}","templated":true}]}}